{"id":1276,"date":"2021-12-21T15:28:32","date_gmt":"2021-12-21T15:28:32","guid":{"rendered":"https:\/\/renaissancenow-cai.org\/youarehere\/?p=1276"},"modified":"2021-12-23T17:41:39","modified_gmt":"2021-12-23T17:41:39","slug":"call-for-papers-global-political-thought-inaugural-conference","status":"publish","type":"post","link":"https:\/\/renaissancenow-cai.org\/youarehere\/2021\/12\/21\/call-for-papers-global-political-thought-inaugural-conference\/","title":{"rendered":"Call for Papers &#8211; Global Political Thought Inaugural Conference"},"content":{"rendered":"\t\t<div data-elementor-type=\"wp-post\" data-elementor-id=\"1276\" class=\"elementor elementor-1276\">\n\t\t\t\t\t\t<section class=\"elementor-section elementor-top-section elementor-element elementor-element-6d292527 elementor-section-boxed elementor-section-height-default elementor-section-height-default\" data-id=\"6d292527\" data-element_type=\"section\" data-e-type=\"section\">\n\t\t\t\t\t\t<div class=\"elementor-container elementor-column-gap-default\">\n\t\t\t\t\t<div class=\"elementor-column elementor-col-100 elementor-top-column elementor-element elementor-element-5ef42731\" data-id=\"5ef42731\" data-element_type=\"column\" data-e-type=\"column\">\n\t\t\t<div class=\"elementor-widget-wrap elementor-element-populated\">\n\t\t\t\t\t\t<div class=\"elementor-element elementor-element-6aa6511b elementor-widget elementor-widget-text-editor\" data-id=\"6aa6511b\" data-element_type=\"widget\" data-e-type=\"widget\" data-widget_type=\"text-editor.default\">\n\t\t\t\t<div class=\"elementor-widget-container\">\n\t\t\t\t\t\t\t\t\t<p><img fetchpriority=\"high\" decoding=\"async\" class=\"alignnone size-full wp-image-1278 aligncenter\" src=\"https:\/\/renaissancenow-cai.org\/youarehere\/wp-content\/uploads\/2021\/12\/images-3.jpg\" alt=\"\" width=\"225\" height=\"225\" srcset=\"https:\/\/renaissancenow-cai.org\/youarehere\/wp-content\/uploads\/2021\/12\/images-3.jpg 225w, https:\/\/renaissancenow-cai.org\/youarehere\/wp-content\/uploads\/2021\/12\/images-3-150x150.jpg 150w\" sizes=\"(max-width: 225px) 100vw, 225px\" \/><\/p>\t\t\t\t\t\t\t\t<\/div>\n\t\t\t\t<\/div>\n\t\t\t\t\t<\/div>\n\t\t<\/div>\n\t\t\t\t\t<\/div>\n\t\t<\/section>\n\t\t\t\t<section class=\"elementor-section elementor-top-section elementor-element elementor-element-9090a16 elementor-section-boxed elementor-section-height-default elementor-section-height-default\" data-id=\"9090a16\" data-element_type=\"section\" data-e-type=\"section\">\n\t\t\t\t\t\t<div class=\"elementor-container elementor-column-gap-default\">\n\t\t\t\t\t<div class=\"elementor-column elementor-col-100 elementor-top-column elementor-element elementor-element-1987473\" data-id=\"1987473\" data-element_type=\"column\" data-e-type=\"column\">\n\t\t\t<div class=\"elementor-widget-wrap elementor-element-populated\">\n\t\t\t\t\t\t<div class=\"elementor-element elementor-element-6d16e9c elementor-widget elementor-widget-text-editor\" data-id=\"6d16e9c\" data-element_type=\"widget\" data-e-type=\"widget\" data-widget_type=\"text-editor.default\">\n\t\t\t\t<div class=\"elementor-widget-container\">\n\t\t\t\t\t\t\t\t\t<p style=\"font-weight: 400;\"><a href=\"https:\/\/projects.iq.harvard.edu\/globalpoliticalthought\" data-saferedirecturl=\"https:\/\/www.google.com\/url?q=https:\/\/projects.iq.harvard.edu\/globalpoliticalthought&amp;source=gmail&amp;ust=1640351294817000&amp;usg=AOvVaw2UaHGJ_lGhUXgNAcARg9Cn\">The Association for Global Political Thought<\/a>\u00a0<span style=\"font-family: var( --e-global-typography-text-font-family ), Sans-serif; background-color: var( --e-global-color-4b12d32 ); font-size: 1rem;\"> opens a call for papers for its inaugural conference in April 2022. <br \/><span style=\"font-weight: bolder;\">Submissions are due by Friday January 21<span style=\"font-size: 12px; line-height: 0; position: relative; vertical-align: baseline; top: -0.5em;\">st<\/span>, 2022.<\/span><br \/><\/span><\/p>\t\t\t\t\t\t\t\t<\/div>\n\t\t\t\t<\/div>\n\t\t\t\t\t<\/div>\n\t\t<\/div>\n\t\t\t\t\t<\/div>\n\t\t<\/section>\n\t\t\t\t<section class=\"elementor-section elementor-top-section elementor-element elementor-element-c172844 elementor-section-boxed elementor-section-height-default elementor-section-height-default\" data-id=\"c172844\" data-element_type=\"section\" data-e-type=\"section\">\n\t\t\t\t\t\t<div class=\"elementor-container elementor-column-gap-default\">\n\t\t\t\t\t<div class=\"elementor-column elementor-col-100 elementor-top-column elementor-element elementor-element-34f6565\" data-id=\"34f6565\" data-element_type=\"column\" data-e-type=\"column\">\n\t\t\t<div class=\"elementor-widget-wrap elementor-element-populated\">\n\t\t\t\t\t\t<div class=\"elementor-element elementor-element-721b88e elementor-widget elementor-widget-text-editor\" data-id=\"721b88e\" data-element_type=\"widget\" data-e-type=\"widget\" data-widget_type=\"text-editor.default\">\n\t\t\t\t<div class=\"elementor-widget-container\">\n\t\t\t\t\t\t\t\t\t<p style=\"font-weight: 400;\"><a href=\"https:\/\/projects.iq.harvard.edu\/globalpoliticalthought\" data-saferedirecturl=\"https:\/\/www.google.com\/url?q=https:\/\/projects.iq.harvard.edu\/globalpoliticalthought&amp;source=gmail&amp;ust=1640351294817000&amp;usg=AOvVaw2UaHGJ_lGhUXgNAcARg9Cn\">The Association for Global Political Thought<\/a>\u00a0is an international, interdisciplinary, and intercollegiate project founded in 2021, supported by humanists and social scientists from global institutions. We are excited to announce that our inaugural conference will take place in person, at Harvard University on\u00a0<strong>Friday\u2013Saturday<\/strong>,\u00a0<strong>April 8\u20139<\/strong>,\u00a0<strong>2022.<\/strong><\/p><p style=\"font-weight: 400;\"><strong>\u00a0<\/strong><\/p><p style=\"font-weight: 400;\">The<strong>\u00a0<\/strong>keynote address is to be delivered by\u00a0<a href=\"https:\/\/projects.iq.harvard.edu\/globalpoliticalthought\/people\/pratap-bhanu-mehta\" data-saferedirecturl=\"https:\/\/www.google.com\/url?q=https:\/\/projects.iq.harvard.edu\/globalpoliticalthought\/people\/pratap-bhanu-mehta&amp;source=gmail&amp;ust=1640351294817000&amp;usg=AOvVaw34sk2yub_pBGtydFu1fLvQ\">Pratap Bhanu Mehta<\/a>\u00a0(Centre for Policy Research, New Delhi; Laurance S. Rockefeller Distinguished Professor at the Center for Human Values, Princeton University), a founding advisor of the Association for Global Political Thought.<\/p><p style=\"font-weight: 400;\">\u00a0<\/p><p style=\"font-weight: 400;\">We welcome submissions that seek to enrich the study of political, social, and international thought; expand the scopes of political traditions and their languages; interrogate the discipline\u2019s constitutive exclusions and limits of existing methods of inquiry; or address the theoretical and historical foundations of contemporary global political predicaments.<\/p><p style=\"font-weight: 400;\">\u00a0<\/p><p style=\"font-weight: 400;\">More information about the Association, including\u00a0<a href=\"https:\/\/projects.iq.harvard.edu\/globalpoliticalthought\/calendar\/past_events\" data-saferedirecturl=\"https:\/\/www.google.com\/url?q=https:\/\/projects.iq.harvard.edu\/globalpoliticalthought\/calendar\/past_events&amp;source=gmail&amp;ust=1640351294817000&amp;usg=AOvVaw2ntqPk9bRi-jbEGElD5qSo\">examples of work that has been presented<\/a>\u00a0in our seminar series, may be found on\u00a0<a href=\"https:\/\/projects.iq.harvard.edu\/globalpoliticalthought\" data-saferedirecturl=\"https:\/\/www.google.com\/url?q=https:\/\/projects.iq.harvard.edu\/globalpoliticalthought&amp;source=gmail&amp;ust=1640351294817000&amp;usg=AOvVaw2UaHGJ_lGhUXgNAcARg9Cn\">our website<\/a>.\u00a0<\/p><p style=\"font-weight: 400;\">\u00a0<\/p><p style=\"font-weight: 400;\"><strong>Submissions are due by Friday January 21<sup>st<\/sup>, 2022 at midnight EST\u00a0<\/strong>and should be sent to<\/p><p style=\"font-weight: 400;\"><a href=\"mailto:globalpoliticalthought@g.harvard.edu\">globalpoliticalthought@g.harvard.edu<\/a>.\u00a0Applicants will receive a response in February<\/p><p style=\"font-weight: 400;\">2022.<\/p><p style=\"font-weight: 400;\"><strong>\u00a0<\/strong><\/p><p style=\"font-weight: 400;\"><strong>Length:\u00a0<\/strong>Papers must not exceed 10,000 words, including citations.<\/p><p style=\"font-weight: 400;\"><strong>\u00a0<\/strong><\/p><p style=\"font-weight: 400;\"><strong>Formatting:\u00a0<\/strong>Submissions, in either PDF or MS word documents, should be formatted consistently and for blind review. We suggest 12-pt font and double-spacing. Notes and bibliography may be in any style but must be consistent.<\/p><p style=\"font-weight: 400;\">\u00a0<\/p><p style=\"font-weight: 400;\"><strong>Funding:\u00a0<\/strong>Thanks to generous funding from the Edmond J. Safra Center for Ethics, the<\/p><p style=\"font-weight: 400;\">Harvard University Department of Government, as well as a host of associated institutions, we will provide funding to defray costs for transportation and lodging.<\/p><p style=\"font-weight: 400;\">\u00a0<\/p><p style=\"font-weight: 400;\"><strong>Further inquiries:\u00a0<\/strong>Applicants should email\u00a0<a href=\"mailto:globalpoliticalthought@g.harvard.edu\">globalpoliticalthought@g.harvard.edu<\/a>, or Hansong Li (<a href=\"mailto:hansongli@fas.harvard.edu\">hansongli@fas.harvard.edu<\/a>) and Yi Ning Chang (<a href=\"mailto:yiningchang@g.harvard.edu\">yiningchang@g.harvard.edu<\/a>) with any further questions.<\/p>\t\t\t\t\t\t\t\t<\/div>\n\t\t\t\t<\/div>\n\t\t\t\t\t<\/div>\n\t\t<\/div>\n\t\t\t\t\t<\/div>\n\t\t<\/section>\n\t\t\t\t<\/div>\n\t\t","protected":false},"excerpt":{"rendered":"<p>The Association for Global Political Thought\u00a0 opens a call for papers for its inaugural conference in April 2022. Submissions are due by Friday January 21st, 2022. The Association for Global Political Thought\u00a0is an international, interdisciplinary, and intercollegiate project founded in 2021, supported by humanists and social scientists from global institutions. We are excited to announce [&hellip;]<\/p>\n","protected":false},"author":4,"featured_media":1308,"comment_status":"open","ping_status":"open","sticky":false,"template":"","format":"standard","meta":{"_acf_changed":false,"footnotes":""},"categories":[15,24],"tags":[],"class_list":["post-1276","post","type-post","status-publish","format-standard","has-post-thumbnail","hentry","category-events","category-events-home"],"acf":[],"yoast_head":"<!-- This site is optimized with the Yoast SEO plugin v27.4 - https:\/\/yoast.com\/product\/yoast-seo-wordpress\/ -->\n<title>Call for Papers - Global Political Thought Inaugural Conference - Renaissance Now<\/title>\n<meta name=\"robots\" content=\"index, follow, max-snippet:-1, max-image-preview:large, max-video-preview:-1\" \/>\n<link rel=\"canonical\" href=\"https:\/\/renaissancenow-cai.org\/youarehere\/2021\/12\/21\/call-for-papers-global-political-thought-inaugural-conference\/\" \/>\n<meta property=\"og:locale\" content=\"en_US\" \/>\n<meta property=\"og:type\" content=\"article\" \/>\n<meta property=\"og:title\" content=\"Call for Papers - Global Political Thought Inaugural Conference - Renaissance Now\" \/>\n<meta property=\"og:description\" content=\"The Association for Global Political Thought\u00a0 opens a call for papers for its inaugural conference in April 2022. Submissions are due by Friday January 21st, 2022. The Association for Global Political Thought\u00a0is an international, interdisciplinary, and intercollegiate project founded in 2021, supported by humanists and social scientists from global institutions. We are excited to announce [&hellip;]\" \/>\n<meta property=\"og:url\" content=\"https:\/\/renaissancenow-cai.org\/youarehere\/2021\/12\/21\/call-for-papers-global-political-thought-inaugural-conference\/\" \/>\n<meta property=\"og:site_name\" content=\"Renaissance Now\" \/>\n<meta property=\"article:published_time\" content=\"2021-12-21T15:28:32+00:00\" \/>\n<meta property=\"article:modified_time\" content=\"2021-12-23T17:41:39+00:00\" \/>\n<meta property=\"og:image\" content=\"https:\/\/renaissancenow-cai.org\/youarehere\/wp-content\/uploads\/2021\/12\/Captura-de-pantalla-2021-12-23-a-las-14.40.59.png\" \/>\n\t<meta property=\"og:image:width\" content=\"540\" \/>\n\t<meta property=\"og:image:height\" content=\"346\" \/>\n\t<meta property=\"og:image:type\" content=\"image\/png\" \/>\n<meta name=\"author\" content=\"T\u00e1lata Rodr\u00edguez\" \/>\n<meta name=\"twitter:card\" content=\"summary_large_image\" \/>\n<meta name=\"twitter:label1\" content=\"Written by\" \/>\n\t<meta name=\"twitter:data1\" content=\"T\u00e1lata Rodr\u00edguez\" \/>\n\t<meta name=\"twitter:label2\" content=\"Est. reading time\" \/>\n\t<meta name=\"twitter:data2\" content=\"2 minutes\" \/>\n<script type=\"application\/ld+json\" class=\"yoast-schema-graph\">{\"@context\":\"https:\\\/\\\/schema.org\",\"@graph\":[{\"@type\":\"Article\",\"@id\":\"https:\\\/\\\/renaissancenow-cai.org\\\/youarehere\\\/2021\\\/12\\\/21\\\/call-for-papers-global-political-thought-inaugural-conference\\\/#article\",\"isPartOf\":{\"@id\":\"https:\\\/\\\/renaissancenow-cai.org\\\/youarehere\\\/2021\\\/12\\\/21\\\/call-for-papers-global-political-thought-inaugural-conference\\\/\"},\"author\":{\"name\":\"T\u00e1lata Rodr\u00edguez\",\"@id\":\"https:\\\/\\\/renaissancenow-cai.org\\\/youarehere\\\/#\\\/schema\\\/person\\\/89e2cc81db5d4e457a4978e155c6311c\"},\"headline\":\"Call for Papers &#8211; Global Political Thought Inaugural Conference\",\"datePublished\":\"2021-12-21T15:28:32+00:00\",\"dateModified\":\"2021-12-23T17:41:39+00:00\",\"mainEntityOfPage\":{\"@id\":\"https:\\\/\\\/renaissancenow-cai.org\\\/youarehere\\\/2021\\\/12\\\/21\\\/call-for-papers-global-political-thought-inaugural-conference\\\/\"},\"wordCount\":325,\"commentCount\":0,\"publisher\":{\"@id\":\"https:\\\/\\\/renaissancenow-cai.org\\\/youarehere\\\/#organization\"},\"image\":{\"@id\":\"https:\\\/\\\/renaissancenow-cai.org\\\/youarehere\\\/2021\\\/12\\\/21\\\/call-for-papers-global-political-thought-inaugural-conference\\\/#primaryimage\"},\"thumbnailUrl\":\"https:\\\/\\\/renaissancenow-cai.org\\\/youarehere\\\/wp-content\\\/uploads\\\/2021\\\/12\\\/Captura-de-pantalla-2021-12-23-a-las-14.40.59.png\",\"articleSection\":[\"Events\",\"Events - Home\"],\"inLanguage\":\"en-US\",\"potentialAction\":[{\"@type\":\"CommentAction\",\"name\":\"Comment\",\"target\":[\"https:\\\/\\\/renaissancenow-cai.org\\\/youarehere\\\/2021\\\/12\\\/21\\\/call-for-papers-global-political-thought-inaugural-conference\\\/#respond\"]}]},{\"@type\":\"WebPage\",\"@id\":\"https:\\\/\\\/renaissancenow-cai.org\\\/youarehere\\\/2021\\\/12\\\/21\\\/call-for-papers-global-political-thought-inaugural-conference\\\/\",\"url\":\"https:\\\/\\\/renaissancenow-cai.org\\\/youarehere\\\/2021\\\/12\\\/21\\\/call-for-papers-global-political-thought-inaugural-conference\\\/\",\"name\":\"Call for Papers - Global Political Thought Inaugural Conference - Renaissance Now\",\"isPartOf\":{\"@id\":\"https:\\\/\\\/renaissancenow-cai.org\\\/youarehere\\\/#website\"},\"primaryImageOfPage\":{\"@id\":\"https:\\\/\\\/renaissancenow-cai.org\\\/youarehere\\\/2021\\\/12\\\/21\\\/call-for-papers-global-political-thought-inaugural-conference\\\/#primaryimage\"},\"image\":{\"@id\":\"https:\\\/\\\/renaissancenow-cai.org\\\/youarehere\\\/2021\\\/12\\\/21\\\/call-for-papers-global-political-thought-inaugural-conference\\\/#primaryimage\"},\"thumbnailUrl\":\"https:\\\/\\\/renaissancenow-cai.org\\\/youarehere\\\/wp-content\\\/uploads\\\/2021\\\/12\\\/Captura-de-pantalla-2021-12-23-a-las-14.40.59.png\",\"datePublished\":\"2021-12-21T15:28:32+00:00\",\"dateModified\":\"2021-12-23T17:41:39+00:00\",\"breadcrumb\":{\"@id\":\"https:\\\/\\\/renaissancenow-cai.org\\\/youarehere\\\/2021\\\/12\\\/21\\\/call-for-papers-global-political-thought-inaugural-conference\\\/#breadcrumb\"},\"inLanguage\":\"en-US\",\"potentialAction\":[{\"@type\":\"ReadAction\",\"target\":[\"https:\\\/\\\/renaissancenow-cai.org\\\/youarehere\\\/2021\\\/12\\\/21\\\/call-for-papers-global-political-thought-inaugural-conference\\\/\"]}]},{\"@type\":\"ImageObject\",\"inLanguage\":\"en-US\",\"@id\":\"https:\\\/\\\/renaissancenow-cai.org\\\/youarehere\\\/2021\\\/12\\\/21\\\/call-for-papers-global-political-thought-inaugural-conference\\\/#primaryimage\",\"url\":\"https:\\\/\\\/renaissancenow-cai.org\\\/youarehere\\\/wp-content\\\/uploads\\\/2021\\\/12\\\/Captura-de-pantalla-2021-12-23-a-las-14.40.59.png\",\"contentUrl\":\"https:\\\/\\\/renaissancenow-cai.org\\\/youarehere\\\/wp-content\\\/uploads\\\/2021\\\/12\\\/Captura-de-pantalla-2021-12-23-a-las-14.40.59.png\",\"width\":540,\"height\":346},{\"@type\":\"BreadcrumbList\",\"@id\":\"https:\\\/\\\/renaissancenow-cai.org\\\/youarehere\\\/2021\\\/12\\\/21\\\/call-for-papers-global-political-thought-inaugural-conference\\\/#breadcrumb\",\"itemListElement\":[{\"@type\":\"ListItem\",\"position\":1,\"name\":\"Home\",\"item\":\"https:\\\/\\\/renaissancenow-cai.org\\\/youarehere\\\/\"},{\"@type\":\"ListItem\",\"position\":2,\"name\":\"Call for Papers &#8211; Global Political Thought Inaugural Conference\"}]},{\"@type\":\"WebSite\",\"@id\":\"https:\\\/\\\/renaissancenow-cai.org\\\/youarehere\\\/#website\",\"url\":\"https:\\\/\\\/renaissancenow-cai.org\\\/youarehere\\\/\",\"name\":\"Renaissance Now\",\"description\":\"Renaissance Now\",\"publisher\":{\"@id\":\"https:\\\/\\\/renaissancenow-cai.org\\\/youarehere\\\/#organization\"},\"potentialAction\":[{\"@type\":\"SearchAction\",\"target\":{\"@type\":\"EntryPoint\",\"urlTemplate\":\"https:\\\/\\\/renaissancenow-cai.org\\\/youarehere\\\/?s={search_term_string}\"},\"query-input\":{\"@type\":\"PropertyValueSpecification\",\"valueRequired\":true,\"valueName\":\"search_term_string\"}}],\"inLanguage\":\"en-US\"},{\"@type\":\"Organization\",\"@id\":\"https:\\\/\\\/renaissancenow-cai.org\\\/youarehere\\\/#organization\",\"name\":\"Renaissance Now - You are here\",\"url\":\"https:\\\/\\\/renaissancenow-cai.org\\\/youarehere\\\/\",\"logo\":{\"@type\":\"ImageObject\",\"inLanguage\":\"en-US\",\"@id\":\"https:\\\/\\\/renaissancenow-cai.org\\\/youarehere\\\/#\\\/schema\\\/logo\\\/image\\\/\",\"url\":\"https:\\\/\\\/renaissancenow-cai.org\\\/youarehere\\\/wp-content\\\/uploads\\\/2021\\\/09\\\/logo-renaissance.png\",\"contentUrl\":\"https:\\\/\\\/renaissancenow-cai.org\\\/youarehere\\\/wp-content\\\/uploads\\\/2021\\\/09\\\/logo-renaissance.png\",\"width\":600,\"height\":610,\"caption\":\"Renaissance Now - You are here\"},\"image\":{\"@id\":\"https:\\\/\\\/renaissancenow-cai.org\\\/youarehere\\\/#\\\/schema\\\/logo\\\/image\\\/\"}},{\"@type\":\"Person\",\"@id\":\"https:\\\/\\\/renaissancenow-cai.org\\\/youarehere\\\/#\\\/schema\\\/person\\\/89e2cc81db5d4e457a4978e155c6311c\",\"name\":\"T\u00e1lata Rodr\u00edguez\",\"image\":{\"@type\":\"ImageObject\",\"inLanguage\":\"en-US\",\"@id\":\"https:\\\/\\\/secure.gravatar.com\\\/avatar\\\/d1de067b7727713041d8f08009648404dfe3e95895dffdec1fadabdffa600485?s=96&d=mm&r=g\",\"url\":\"https:\\\/\\\/secure.gravatar.com\\\/avatar\\\/d1de067b7727713041d8f08009648404dfe3e95895dffdec1fadabdffa600485?s=96&d=mm&r=g\",\"contentUrl\":\"https:\\\/\\\/secure.gravatar.com\\\/avatar\\\/d1de067b7727713041d8f08009648404dfe3e95895dffdec1fadabdffa600485?s=96&d=mm&r=g\",\"caption\":\"T\u00e1lata Rodr\u00edguez\"},\"url\":\"https:\\\/\\\/renaissancenow-cai.org\\\/youarehere\\\/author\\\/talataxrr\\\/\"}]}<\/script>\n<!-- \/ Yoast SEO plugin. -->","yoast_head_json":{"title":"Call for Papers - Global Political Thought Inaugural Conference - Renaissance Now","robots":{"index":"index","follow":"follow","max-snippet":"max-snippet:-1","max-image-preview":"max-image-preview:large","max-video-preview":"max-video-preview:-1"},"canonical":"https:\/\/renaissancenow-cai.org\/youarehere\/2021\/12\/21\/call-for-papers-global-political-thought-inaugural-conference\/","og_locale":"en_US","og_type":"article","og_title":"Call for Papers - Global Political Thought Inaugural Conference - Renaissance Now","og_description":"The Association for Global Political Thought\u00a0 opens a call for papers for its inaugural conference in April 2022. Submissions are due by Friday January 21st, 2022. The Association for Global Political Thought\u00a0is an international, interdisciplinary, and intercollegiate project founded in 2021, supported by humanists and social scientists from global institutions. We are excited to announce [&hellip;]","og_url":"https:\/\/renaissancenow-cai.org\/youarehere\/2021\/12\/21\/call-for-papers-global-political-thought-inaugural-conference\/","og_site_name":"Renaissance Now","article_published_time":"2021-12-21T15:28:32+00:00","article_modified_time":"2021-12-23T17:41:39+00:00","og_image":[{"width":540,"height":346,"url":"https:\/\/renaissancenow-cai.org\/youarehere\/wp-content\/uploads\/2021\/12\/Captura-de-pantalla-2021-12-23-a-las-14.40.59.png","type":"image\/png"}],"author":"T\u00e1lata Rodr\u00edguez","twitter_card":"summary_large_image","twitter_misc":{"Written by":"T\u00e1lata Rodr\u00edguez","Est. reading time":"2 minutes"},"schema":{"@context":"https:\/\/schema.org","@graph":[{"@type":"Article","@id":"https:\/\/renaissancenow-cai.org\/youarehere\/2021\/12\/21\/call-for-papers-global-political-thought-inaugural-conference\/#article","isPartOf":{"@id":"https:\/\/renaissancenow-cai.org\/youarehere\/2021\/12\/21\/call-for-papers-global-political-thought-inaugural-conference\/"},"author":{"name":"T\u00e1lata Rodr\u00edguez","@id":"https:\/\/renaissancenow-cai.org\/youarehere\/#\/schema\/person\/89e2cc81db5d4e457a4978e155c6311c"},"headline":"Call for Papers &#8211; Global Political Thought Inaugural Conference","datePublished":"2021-12-21T15:28:32+00:00","dateModified":"2021-12-23T17:41:39+00:00","mainEntityOfPage":{"@id":"https:\/\/renaissancenow-cai.org\/youarehere\/2021\/12\/21\/call-for-papers-global-political-thought-inaugural-conference\/"},"wordCount":325,"commentCount":0,"publisher":{"@id":"https:\/\/renaissancenow-cai.org\/youarehere\/#organization"},"image":{"@id":"https:\/\/renaissancenow-cai.org\/youarehere\/2021\/12\/21\/call-for-papers-global-political-thought-inaugural-conference\/#primaryimage"},"thumbnailUrl":"https:\/\/renaissancenow-cai.org\/youarehere\/wp-content\/uploads\/2021\/12\/Captura-de-pantalla-2021-12-23-a-las-14.40.59.png","articleSection":["Events","Events - Home"],"inLanguage":"en-US","potentialAction":[{"@type":"CommentAction","name":"Comment","target":["https:\/\/renaissancenow-cai.org\/youarehere\/2021\/12\/21\/call-for-papers-global-political-thought-inaugural-conference\/#respond"]}]},{"@type":"WebPage","@id":"https:\/\/renaissancenow-cai.org\/youarehere\/2021\/12\/21\/call-for-papers-global-political-thought-inaugural-conference\/","url":"https:\/\/renaissancenow-cai.org\/youarehere\/2021\/12\/21\/call-for-papers-global-political-thought-inaugural-conference\/","name":"Call for Papers - Global Political Thought Inaugural Conference - Renaissance Now","isPartOf":{"@id":"https:\/\/renaissancenow-cai.org\/youarehere\/#website"},"primaryImageOfPage":{"@id":"https:\/\/renaissancenow-cai.org\/youarehere\/2021\/12\/21\/call-for-papers-global-political-thought-inaugural-conference\/#primaryimage"},"image":{"@id":"https:\/\/renaissancenow-cai.org\/youarehere\/2021\/12\/21\/call-for-papers-global-political-thought-inaugural-conference\/#primaryimage"},"thumbnailUrl":"https:\/\/renaissancenow-cai.org\/youarehere\/wp-content\/uploads\/2021\/12\/Captura-de-pantalla-2021-12-23-a-las-14.40.59.png","datePublished":"2021-12-21T15:28:32+00:00","dateModified":"2021-12-23T17:41:39+00:00","breadcrumb":{"@id":"https:\/\/renaissancenow-cai.org\/youarehere\/2021\/12\/21\/call-for-papers-global-political-thought-inaugural-conference\/#breadcrumb"},"inLanguage":"en-US","potentialAction":[{"@type":"ReadAction","target":["https:\/\/renaissancenow-cai.org\/youarehere\/2021\/12\/21\/call-for-papers-global-political-thought-inaugural-conference\/"]}]},{"@type":"ImageObject","inLanguage":"en-US","@id":"https:\/\/renaissancenow-cai.org\/youarehere\/2021\/12\/21\/call-for-papers-global-political-thought-inaugural-conference\/#primaryimage","url":"https:\/\/renaissancenow-cai.org\/youarehere\/wp-content\/uploads\/2021\/12\/Captura-de-pantalla-2021-12-23-a-las-14.40.59.png","contentUrl":"https:\/\/renaissancenow-cai.org\/youarehere\/wp-content\/uploads\/2021\/12\/Captura-de-pantalla-2021-12-23-a-las-14.40.59.png","width":540,"height":346},{"@type":"BreadcrumbList","@id":"https:\/\/renaissancenow-cai.org\/youarehere\/2021\/12\/21\/call-for-papers-global-political-thought-inaugural-conference\/#breadcrumb","itemListElement":[{"@type":"ListItem","position":1,"name":"Home","item":"https:\/\/renaissancenow-cai.org\/youarehere\/"},{"@type":"ListItem","position":2,"name":"Call for Papers &#8211; Global Political Thought Inaugural Conference"}]},{"@type":"WebSite","@id":"https:\/\/renaissancenow-cai.org\/youarehere\/#website","url":"https:\/\/renaissancenow-cai.org\/youarehere\/","name":"Renaissance Now","description":"Renaissance Now","publisher":{"@id":"https:\/\/renaissancenow-cai.org\/youarehere\/#organization"},"potentialAction":[{"@type":"SearchAction","target":{"@type":"EntryPoint","urlTemplate":"https:\/\/renaissancenow-cai.org\/youarehere\/?s={search_term_string}"},"query-input":{"@type":"PropertyValueSpecification","valueRequired":true,"valueName":"search_term_string"}}],"inLanguage":"en-US"},{"@type":"Organization","@id":"https:\/\/renaissancenow-cai.org\/youarehere\/#organization","name":"Renaissance Now - You are here","url":"https:\/\/renaissancenow-cai.org\/youarehere\/","logo":{"@type":"ImageObject","inLanguage":"en-US","@id":"https:\/\/renaissancenow-cai.org\/youarehere\/#\/schema\/logo\/image\/","url":"https:\/\/renaissancenow-cai.org\/youarehere\/wp-content\/uploads\/2021\/09\/logo-renaissance.png","contentUrl":"https:\/\/renaissancenow-cai.org\/youarehere\/wp-content\/uploads\/2021\/09\/logo-renaissance.png","width":600,"height":610,"caption":"Renaissance Now - You are here"},"image":{"@id":"https:\/\/renaissancenow-cai.org\/youarehere\/#\/schema\/logo\/image\/"}},{"@type":"Person","@id":"https:\/\/renaissancenow-cai.org\/youarehere\/#\/schema\/person\/89e2cc81db5d4e457a4978e155c6311c","name":"T\u00e1lata Rodr\u00edguez","image":{"@type":"ImageObject","inLanguage":"en-US","@id":"https:\/\/secure.gravatar.com\/avatar\/d1de067b7727713041d8f08009648404dfe3e95895dffdec1fadabdffa600485?s=96&d=mm&r=g","url":"https:\/\/secure.gravatar.com\/avatar\/d1de067b7727713041d8f08009648404dfe3e95895dffdec1fadabdffa600485?s=96&d=mm&r=g","contentUrl":"https:\/\/secure.gravatar.com\/avatar\/d1de067b7727713041d8f08009648404dfe3e95895dffdec1fadabdffa600485?s=96&d=mm&r=g","caption":"T\u00e1lata Rodr\u00edguez"},"url":"https:\/\/renaissancenow-cai.org\/youarehere\/author\/talataxrr\/"}]}},"_links":{"self":[{"href":"https:\/\/renaissancenow-cai.org\/youarehere\/wp-json\/wp\/v2\/posts\/1276","targetHints":{"allow":["GET"]}}],"collection":[{"href":"https:\/\/renaissancenow-cai.org\/youarehere\/wp-json\/wp\/v2\/posts"}],"about":[{"href":"https:\/\/renaissancenow-cai.org\/youarehere\/wp-json\/wp\/v2\/types\/post"}],"author":[{"embeddable":true,"href":"https:\/\/renaissancenow-cai.org\/youarehere\/wp-json\/wp\/v2\/users\/4"}],"replies":[{"embeddable":true,"href":"https:\/\/renaissancenow-cai.org\/youarehere\/wp-json\/wp\/v2\/comments?post=1276"}],"version-history":[{"count":0,"href":"https:\/\/renaissancenow-cai.org\/youarehere\/wp-json\/wp\/v2\/posts\/1276\/revisions"}],"wp:featuredmedia":[{"embeddable":true,"href":"https:\/\/renaissancenow-cai.org\/youarehere\/wp-json\/wp\/v2\/media\/1308"}],"wp:attachment":[{"href":"https:\/\/renaissancenow-cai.org\/youarehere\/wp-json\/wp\/v2\/media?parent=1276"}],"wp:term":[{"taxonomy":"category","embeddable":true,"href":"https:\/\/renaissancenow-cai.org\/youarehere\/wp-json\/wp\/v2\/categories?post=1276"},{"taxonomy":"post_tag","embeddable":true,"href":"https:\/\/renaissancenow-cai.org\/youarehere\/wp-json\/wp\/v2\/tags?post=1276"}],"curies":[{"name":"wp","href":"https:\/\/api.w.org\/{rel}","templated":true}]}}